{"id":5187,"date":"2021-07-22T08:13:30","date_gmt":"2021-07-22T07:13:30","guid":{"rendered":"https:\/\/esap.ba\/?p=5187"},"modified":"2021-07-22T08:13:30","modified_gmt":"2021-07-22T07:13:30","slug":"mladi-aktivist-ali-sarajlic-stao-u-zastitu-rijeka-bih","status":"publish","type":"post","link":"https:\/\/esap.ba\/bs\/mladi-aktivist-ali-sarajlic-stao-u-zastitu-rijeka-bih\/","title":{"rendered":"Mladi aktivist Ali Sarajli\u0107 stao u za\u0161titu rijeka BiH"},"content":{"rendered":"<p>Ali Sarajli\u0107 je u\u010denik srednje \u0161kole u Konjicu, i aktivist u Udru\u017eenju \u201cPusti me da te\u010dem\u201d.<\/p>\n<p>U ovom videu, on govori o fokusu svog aktivizma i djelovanja \u2013 za\u0161titi rijeke Neretvice i edukaciji drugih o va\u017enosti vode.<\/p>\n<p><iframe title=\"BiH ESAP 2030+: Ali Sarajli\u0107, activist (BCS)\" width=\"750\" height=\"422\" src=\"https:\/\/www.youtube.com\/embed\/D_w8ezQJe0A?list=PLoJ3pxCzMP1ui_CHrdpWODSlWk2Dc6_mk\" frameborder=\"0\" allow=\"accelerometer; autoplay; clipboard-write; encrypted-media; gyroscope; picture-in-picture\" allowfullscreen><\/iframe><\/p>\n<p>U junu i julu 2021, sastali smo se sa vi\u0161e osoba iz BiH koje se u svom svakodnevnom radu bave pitanjima za\u0161tite okoli\u0161a. One su podijelile svoje pri\u010de i razmi\u0161ljanja o tome za\u0161to i kako su odlu\u010dile raditi za odr\u017eiviju budu\u0107nost.<\/p>\n","protected":false},"excerpt":{"rendered":"<p>Ali Sarajli\u0107 je u\u010denik srednje \u0161kole u Konjicu, i aktivist u Udru\u017eenju \u201cPusti me da te\u010dem\u201d. U ovom videu, on govori o fokusu svog aktivizma i djelovanja \u2013 za\u0161titi rijeke Neretvice i edukaciji drugih o va\u017enosti vode. U junu i julu 2021, sastali smo se sa vi\u0161e osoba iz BiH koje se u svom svakodnevnom [&hellip;]<\/p>\n","protected":false},"author":27,"featured_media":5237,"comment_status":"closed","ping_status":"open","sticky":false,"template":"","format":"standard","meta":{"_acf_changed":false,"footnotes":""},"categories":[133],"tags":[],"class_list":["post-5187","post","type-post","status-publish","format-standard","has-post-thumbnail","hentry","category-video-i-webinari"],"acf":[],"_links":{"self":[{"href":"https:\/\/esap.ba\/bs\/wp-json\/wp\/v2\/posts\/5187","targetHints":{"allow":["GET"]}}],"collection":[{"href":"https:\/\/esap.ba\/bs\/wp-json\/wp\/v2\/posts"}],"about":[{"href":"https:\/\/esap.ba\/bs\/wp-json\/wp\/v2\/types\/post"}],"author":[{"embeddable":true,"href":"https:\/\/esap.ba\/bs\/wp-json\/wp\/v2\/users\/27"}],"replies":[{"embeddable":true,"href":"https:\/\/esap.ba\/bs\/wp-json\/wp\/v2\/comments?post=5187"}],"version-history":[{"count":0,"href":"https:\/\/esap.ba\/bs\/wp-json\/wp\/v2\/posts\/5187\/revisions"}],"wp:featuredmedia":[{"embeddable":true,"href":"https:\/\/esap.ba\/bs\/wp-json\/wp\/v2\/media\/5237"}],"wp:attachment":[{"href":"https:\/\/esap.ba\/bs\/wp-json\/wp\/v2\/media?parent=5187"}],"wp:term":[{"taxonomy":"category","embeddable":true,"href":"https:\/\/esap.ba\/bs\/wp-json\/wp\/v2\/categories?post=5187"},{"taxonomy":"post_tag","embeddable":true,"href":"https:\/\/esap.ba\/bs\/wp-json\/wp\/v2\/tags?post=5187"}],"curies":[{"name":"wp","href":"https:\/\/api.w.org\/{rel}","templated":true}]}}