{"id":5491,"date":"2021-10-07T10:24:17","date_gmt":"2021-10-07T09:24:17","guid":{"rendered":"https:\/\/esap.ba\/?p=5491"},"modified":"2021-10-07T13:17:52","modified_gmt":"2021-10-07T12:17:52","slug":"strateska-procjena-utjecaja-na-okolis-vise-od-samog-dokumenta","status":"publish","type":"post","link":"https:\/\/esap.ba\/bs\/strateska-procjena-utjecaja-na-okolis-vise-od-samog-dokumenta\/","title":{"rendered":"Strate\u0161ka procjena utjecaja na okoli\u0161 &#8211; vi\u0161e od samog dokumenta"},"content":{"rendered":"<p><img fetchpriority=\"high\" decoding=\"async\" class=\"alignnone size-full wp-image-5465\" src=\"https:\/\/esap.ba\/wp-content\/uploads\/2021\/10\/Capture.png\" alt=\"\" width=\"1324\" height=\"744\" srcset=\"https:\/\/esap.ba\/wp-content\/uploads\/2021\/10\/Capture.png 1324w, https:\/\/esap.ba\/wp-content\/uploads\/2021\/10\/Capture-300x169.png 300w, https:\/\/esap.ba\/wp-content\/uploads\/2021\/10\/Capture-1024x575.png 1024w, https:\/\/esap.ba\/wp-content\/uploads\/2021\/10\/Capture-768x432.png 768w, https:\/\/esap.ba\/wp-content\/uploads\/2021\/10\/Capture-800x450.png 800w\" sizes=\"(max-width: 1324px) 100vw, 1324px\" \/><\/p>\n<p>Bosna i Hercegovina (BiH) trenutno priprema novu Strategiju i akcioni plan okoli\u0161a (ESAP BiH 2030+). Strate\u0161ka procjena utjecaja na okoli\u0161 (strate\u0161ka procjena) je bitan dio ovog procesa, budu\u0107i da osigurava integraciju svih relevantnih razmatranja u pogledu okoli\u0161a, dru\u0161tveno-ekonomskih aspekata i razmatranja o odr\u017eivosti u prijedlog strategije i akcionog plana. Organizirali smo webinar pod nazivom &#8220;Strate\u0161ko razmi\u0161ljanje o odr\u017eivosti: Uloga strate\u0161ke procjene utjecaja na okoli\u0161 (SPUO)&#8221; kako bismo od nekoliko stru\u010dnjaka\/kinja iz BiH, zemalja Zapadnog Balkana i Evropske unije saznali kakva su njihova iskustva u provo\u0111enju strate\u0161ke procjene. Pojasnili su kako i za\u0161to javnost treba biti aktivno uklju\u010dena, te za\u0161to je uloga nadle\u017enih institucija od su\u0161tinske va\u017enosti za provo\u0111enje procesa strate\u0161ke procjene. Istovremeno su govorili o prilikama i izazovima procesa strate\u0161ke procjene. S velikim zadovoljstvom smo konstatirali prisustvo 130 u\u010desnika\/ca koji su doprinijeli uspje\u0161noj diskusiji.<\/p>\n<p><strong>U\u010diti iz iskustava drugih<\/strong><\/p>\n<p>Milija \u010cabarkapa iz organizacije World Wildlife Fund (WWF) Adria se, u izlaganju o prakti\u010dnoj primjeni strate\u0161ke procjene u Crnoj Gori, osvrnuo na iskustva iz regije.\u00a0 Prema rije\u010dima g. \u010cabarkape, provedba Zakona o strate\u0161koj procjeni u periodu od ne\u0161to vi\u0161e od deset godina dovela je do unapre\u0111enja zakona i ja\u010danja kapaciteta na svim nivoima vlasti. Pored toga je pobolj\u0161an kvalitet procjene utjecaja i izvje\u0161taja. Me\u0111utim, osjetna pobolj\u0161anja su i dalje potrebna u procedurama, a posebno u pogledu rezultata procjena, odnosno njihove primjene.<\/p>\n<p>\u0160panija, kao i BiH, ima veoma slo\u017eenu administrativnu strukturu. Enrique Cifres iz organizacije eWATER je pojasnio na\u010din na koji proces strate\u0161ke procjene funkcionira na dr\u017eavnom, regionalnom\u00a0 i op\u0107inskom nivou u \u0160paniji. Na osnovu razli\u010ditih iskustava u pogledu izazova i rje\u0161enja, u izlaganju su ponu\u0111ena va\u017ena saznanja o tome kako se slo\u017eenost strukture vlasti mo\u017ee sagledati u procesima kakav je strate\u0161ka procjena. G. Cifres je kazao da je uklju\u010divanje svih relevantnih aktera klju\u010dno za unapre\u0111enje procesa odlu\u010divanja, jer opse\u017enije u\u010de\u0161\u0107e uglavnom doprinosi dono\u0161enju boljih odluka.<\/p>\n<p><strong>Snaga u\u010de\u0161\u0107a javnosti <\/strong><\/p>\n<p>U\u010de\u0161\u0107e organizacija civilnog dru\u0161tva u procesu strate\u0161ke procjene je klju\u010d uspjeha. \u0110or\u0111e Stefanovi\u0107 iz WWF Adria je bli\u017ee objasnio ulogu organizacija civilnog dru\u0161tva u BiH i opisao razli\u010dite faze procesa strate\u0161ke procjene u kojima je veoma va\u017eno u\u010de\u0161\u0107e javnosti. U BiH organizacije civilnog dru\u0161tva pokazuju interes za izradu planova i programa i ispitivanje njihovog utjecaja na okoli\u0161. Me\u0111utim, kako je naglasio g. Stefanovi\u0107, ovo u\u010de\u0161\u0107e nije samo pravo i mogu\u0107nost, nego nosi i veliku odgovornost za NVO.<\/p>\n<p>U posljednjoj prezentaciji su Vedad Sulji\u0107 i Jo\u00e3o Pedro Silva iz Centra za ekonomski, tehnolo\u0161ki i okolinski razvoj Sarajevo (CETEOR) dali pregled procesa strate\u0161ke procjene koja se provodi u okviru izrade ESAP-a i ukazali na mogu\u0107nosti u\u010de\u0161\u0107a razli\u010ditih aktera. Stru\u010dnjaci iz CETEOR-a su naglasili da strate\u0161ka procjena ESAP-a mora osigurati integraciju svih razmatranja u pogledu okoli\u0161a, dru\u0161tveno-ekonomskih aspekata i razmatranja u pogledu odr\u017eivosti u prijedlog strategije i akcionog plana u ranoj fazi pripreme. Isto tako \u0107e u Strate\u0161koj studiji biti izdvojeni svi potencijalno zna\u010dajni utjecaji ESAP-a na okoli\u0161 i dru\u0161tveno-ekonomske aspekte, te predlo\u017eena alternativna rje\u0161enja i mjere za ubla\u017eavanje negativnih utjecaja.<\/p>\n<p>U zaklju\u010dku, strate\u0161ka procjena poma\u017ee da se u pripremi planova i programa u potpunosti sagledaju pitanja okoli\u0161a i zdravlja i da se osigura odr\u017eiv razvoj. Pored toga, ovo je na\u010din da se sve zainteresirane strane i \u0161ira javnost osje\u0107aju uklju\u010denim u procese koji se ti\u010du sviju. Strate\u0161ka procjena ima potencijal da pobolj\u0161a u\u010de\u0161\u0107e javnosti i pomogne u iznala\u017eenju odr\u017eivijih rje\u0161enja za sve.<\/p>\n<p>Tonski zapis webinara &#8220;Strate\u0161ko razmi\u0161ljanje o odr\u017eivosti: Uloga strate\u0161ke procjene utjecaja na okoli\u0161 (strate\u0161ka procjena)\u201d mo\u017eete prona\u0107i <a href=\"https:\/\/esap.ba\/bs\/webinar-stratesko-razmisljanje-o-odrzivosti-uloga-strateske-procjene-uticaja-na-okolis-zivotnu-sredinu\/\">OVDJE<\/a><\/p>\n<p>Prezentacije su dostupne <a href=\"https:\/\/seiorg.sharepoint.com\/sites\/BiH-ESAP-2030\/Delade%20dokument\/Forms\/AllItems.aspx?id=\/sites\/BiH-ESAP-2030\/Delade%20dokument\/Meeting%20logistics\/Capacity%20Building%20Workshops\/SEA%20Webinar\/Presentations\/SEA%20Webinar%20participants%20-%20materials&amp;p=true&amp;originalPath=aHR0cHM6Ly9zZWlvcmcuc2hhcmVwb2ludC5jb20vOmY6L3MvQmlILUVTQVAtMjAzMC9FdDFrTm1aUU52bE1xczNvWFgyNWJrd0JKcFRVcm1SZ0k2SGk0ZEhNRXFjNEdRP3J0aW1lPUpKbFZUbzZJMlVn\">OVDJE<\/a>.<\/p>\n","protected":false},"excerpt":{"rendered":"<p>Bosna i Hercegovina (BiH) trenutno priprema novu Strategiju i akcioni plan okoli\u0161a (ESAP BiH 2030+). Strate\u0161ka procjena utjecaja na okoli\u0161 (strate\u0161ka procjena) je bitan dio ovog procesa, budu\u0107i da osigurava integraciju svih relevantnih razmatranja u pogledu okoli\u0161a, dru\u0161tveno-ekonomskih aspekata i razmatranja o odr\u017eivosti u prijedlog strategije i akcionog plana. Organizirali smo webinar pod nazivom &#8220;Strate\u0161ko [&hellip;]<\/p>\n","protected":false},"author":27,"featured_media":5486,"comment_status":"closed","ping_status":"open","sticky":false,"template":"","format":"standard","meta":{"_acf_changed":false,"footnotes":""},"categories":[63],"tags":[],"class_list":["post-5491","post","type-post","status-publish","format-standard","has-post-thumbnail","hentry","category-novosti"],"acf":[],"_links":{"self":[{"href":"https:\/\/esap.ba\/bs\/wp-json\/wp\/v2\/posts\/5491","targetHints":{"allow":["GET"]}}],"collection":[{"href":"https:\/\/esap.ba\/bs\/wp-json\/wp\/v2\/posts"}],"about":[{"href":"https:\/\/esap.ba\/bs\/wp-json\/wp\/v2\/types\/post"}],"author":[{"embeddable":true,"href":"https:\/\/esap.ba\/bs\/wp-json\/wp\/v2\/users\/27"}],"replies":[{"embeddable":true,"href":"https:\/\/esap.ba\/bs\/wp-json\/wp\/v2\/comments?post=5491"}],"version-history":[{"count":0,"href":"https:\/\/esap.ba\/bs\/wp-json\/wp\/v2\/posts\/5491\/revisions"}],"wp:featuredmedia":[{"embeddable":true,"href":"https:\/\/esap.ba\/bs\/wp-json\/wp\/v2\/media\/5486"}],"wp:attachment":[{"href":"https:\/\/esap.ba\/bs\/wp-json\/wp\/v2\/media?parent=5491"}],"wp:term":[{"taxonomy":"category","embeddable":true,"href":"https:\/\/esap.ba\/bs\/wp-json\/wp\/v2\/categories?post=5491"},{"taxonomy":"post_tag","embeddable":true,"href":"https:\/\/esap.ba\/bs\/wp-json\/wp\/v2\/tags?post=5491"}],"curies":[{"name":"wp","href":"https:\/\/api.w.org\/{rel}","templated":true}]}}