{"id":5970,"date":"2022-05-05T08:30:28","date_gmt":"2022-05-05T07:30:28","guid":{"rendered":"https:\/\/esap.ba\/?p=5970"},"modified":"2022-06-20T20:10:08","modified_gmt":"2022-06-20T19:10:08","slug":"napredak-u-izradi-esap-a","status":"publish","type":"post","link":"https:\/\/esap.ba\/bs\/napredak-u-izradi-esap-a\/","title":{"rendered":"Napredak u izradi Strategije za\u0161tite okoli\u0161a\/\u017eivotne sredine"},"content":{"rendered":"<p><span data-contrast=\"auto\">U proteklih nekoliko mjeseci su na projektu BiH ESAP 2030+ zabilje\u017eene intenzivne aktivnosti budu\u0107i da se pribli\u017eavamo zavr\u0161etku izrade Strategije za\u0161tite okoli\u0161a\/\u017eivotne sredine za Bosnu i Hercegovinu. <\/span><span data-ccp-props=\"{}\">\u00a0<\/span><\/p>\n<p><span data-contrast=\"auto\">Prvi nacrt dokumenata je spreman i dostavljen relevantnim akterima, a u toku je i strate\u0161ka procjena utjecaja na okoli\u0161 (SPUO) za sva \u010detiri nivoa vlasti. <\/span><span data-ccp-props=\"{}\">\u00a0<\/span><\/p>\n<blockquote><p>&#8220;Sama provedba dokumenta \u0107e predstavljati izazov, s obzirom na opseg Strategije, i nalagat \u0107e efikasnu vertikalnu i horizontalnu saradnju i koordinaciju na svim razinama vlasti.'&#8221; &#8211; g\u0111a Andrea Bevanda, \u0161efica Odsjeka za integralnu za\u0161titu okoli\u0161a Federalnog ministarstva okoli\u0161a i turizma (na 5. sastanku Upravlja\u010dke grupe za nivo Federacije BiH, 3. mart 2022. godine, Sarajevo).<\/p><\/blockquote>\n<h2><span class=\"TextRun SCXW26604157 BCX9\" lang=\"BS-LATN-BA\" xml:lang=\"BS-LATN-BA\" data-contrast=\"auto\"><span class=\"NormalTextRun SCXW26604157 BCX9\">Sastanci Upravlja\u010dkih grupa<\/span><\/span><\/h2>\n<figure id=\"attachment_6002\" aria-describedby=\"caption-attachment-6002\" style=\"width: 367px\" class=\"wp-caption alignright\"><img fetchpriority=\"high\" decoding=\"async\" class=\"wp-image-6002\" src=\"https:\/\/esap.ba\/wp-content\/uploads\/2022\/05\/DSC_1331.jpg\" alt=\"\" width=\"367\" height=\"245\" \/><figcaption id=\"caption-attachment-6002\" class=\"wp-caption-text\">Peti ciklus sastanaka Upravlja\u010dih odbora. Fotografija: Enova<\/figcaption><\/figure>\n<p><span data-contrast=\"auto\">Nakon 5. ciklusa sastanaka radnih grupa, odr\u017eana su dva ciklusa sastanaka Upravlja\u010dkih grupa. Sastanci posljednjeg ciklusa (6. za Republiku Srpsku, 5. sastanak za Federaciju BiH, BiH i Br\u010dko distrik BiH) su odr\u017eani u prvom tromjese\u010dju 2022. godine.\u00a0 Ovi sastanci, na kojima u\u010destvuju pomo\u0107nici ministara za svaki nivo vlasti, na kojima se donose odluke, odr\u017eani su u Sarajevu, Banja Luci i Br\u010dkom.\u00a0<\/span><\/p>\n<p><span data-contrast=\"auto\">Najva\u017eniji cilj sastanaka ovog ciklusa bio je predstavljanje prvih nacrta Strategije okoli\u0161a za sva \u010detiri nivoa vlasti \u010dlanovima Upravlja\u010dkih grupa, ali i razmatranje komentara od \u010dlanova radnih grupa. Sastanci su tako\u0111er bili prilika da se \u010dlanovi upoznaju sa statusom projekta, SPUO kao i finansijskim izdvajanjima i perspektivama ravnopravnosti spolova, dru\u0161tvene jednakosti i siroma\u0161tva (GESEP).\u00a0 EKO BiH mre\u017ea (mre\u017ea organizacija civilnog dru\u0161tva u oblasti okoli\u0161a u BiH) tako\u0111er je imala svoje predstavnike na sastancima, a predstavnici Aarhus centra BiH su prisutne upoznali sa aktivnostima u vezi sa sektorom voda i gradnjom malih hidroelektrana naglasiv\u0161i va\u017enost u\u010de\u0161\u0107a javnosti, saradnje sa sektorom civilnog dru\u0161tva kao i na\u010dela Aarhuske konvencije. <\/span><span data-ccp-props=\"{}\">\u00a0<\/span><\/p>\n<p><span data-contrast=\"auto\">Naredni sastanci Upravlja\u010dkih grupa bit \u0107e organizirani u aprilu i maju. Planirano je da nakon ovih sastanaka po\u010dne proces dono\u0161enja Strategije. Proces \u0107e koordinirati nosioci izrade Strategije, odnosno nadle\u017eni organi na sva \u010detiri nivoa vlasti.\u00a0<\/span><\/p>\n<blockquote><p>&#8220;Su\u0161tina rada su Akcioni plan i odgovaraju\u0107e propisane mjere, te zato te\u017ei\u0161te projekta treba da se zadr\u017ei na tome.&#8221; &#8211; g. Sini\u0161a Jovanovi\u0107, \u0161ef Pododjeljenja za izdavanje lokacijskih uslova i za\u0161titu okoline, Vlada Br\u010dko Distrikta BiH, Odjeljenje za prostorno planiranje i imovinsko pravna pitanja) (na 5. sastanku Upravlja\u010dke grupe za nivo Br\u010dko distrikta, 10. mart 2022. godine, Br\u010dko Distrikt).<\/p><\/blockquote>\n<h2><span class=\"TextRun SCXW168910613 BCX9\" lang=\"BS-LATN-BA\" xml:lang=\"BS-LATN-BA\" data-contrast=\"auto\"><span class=\"NormalTextRun SCXW168910613 BCX9\">\u010clanovi Upravnog odbora odr\u017eali sastanak krajem marta<\/span><\/span><span class=\"EOP SCXW168910613 BCX9\" data-ccp-props=\"{}\">\u00a0<\/span><\/h2>\n<p><span data-contrast=\"auto\">Krajem mjeseca, odnosno 28. marta, \u010dlanovi Upravnog odbora su se okupili u Br\u010dkom na 4. sastanku ovog tijela. Na ovom sastanku u\u010destvuju ministri i njihovi predstavnici sa svih nivoa vlasti kao i predstavnici Ambasade \u0160vedske te Delegacije Evropske Unije u BiH.\u00a0<\/span><\/p>\n<figure id=\"attachment_5990\" aria-describedby=\"caption-attachment-5990\" style=\"width: 336px\" class=\"wp-caption alignleft\"><img decoding=\"async\" class=\"wp-image-5990\" src=\"https:\/\/esap.ba\/wp-content\/uploads\/2022\/05\/MicrosoftTeams-image-2.jpg\" alt=\"\" width=\"336\" height=\"252\" srcset=\"https:\/\/esap.ba\/wp-content\/uploads\/2022\/05\/MicrosoftTeams-image-2.jpg 2304w, https:\/\/esap.ba\/wp-content\/uploads\/2022\/05\/MicrosoftTeams-image-2-300x225.jpg 300w, https:\/\/esap.ba\/wp-content\/uploads\/2022\/05\/MicrosoftTeams-image-2-1024x768.jpg 1024w, https:\/\/esap.ba\/wp-content\/uploads\/2022\/05\/MicrosoftTeams-image-2-768x576.jpg 768w, https:\/\/esap.ba\/wp-content\/uploads\/2022\/05\/MicrosoftTeams-image-2-1536x1152.jpg 1536w, https:\/\/esap.ba\/wp-content\/uploads\/2022\/05\/MicrosoftTeams-image-2-2048x1536.jpg 2048w, https:\/\/esap.ba\/wp-content\/uploads\/2022\/05\/MicrosoftTeams-image-2-800x600.jpg 800w\" sizes=\"(max-width: 336px) 100vw, 336px\" \/><figcaption id=\"caption-attachment-5990\" class=\"wp-caption-text\">Peti ciklus sastanaka Upravlja\u010dih odbora. Fotografija: Enova<\/figcaption><\/figure>\n<p><span data-contrast=\"auto\">Na sastanku je razgovarano o sljede\u0107im temama:\u00a0<\/span><span data-ccp-props=\"{}\">\u00a0<\/span><\/p>\n<p>&nbsp;<\/p>\n<p><span data-contrast=\"auto\">&#8211; Ukupni napredak u provo\u0111enju projekta za izradu Strategije, uklju\u010duju\u0107i informacije o participativnom pristupu i aktivnostima. <\/span><span data-ccp-props=\"{}\">\u00a0<\/span><\/p>\n<p>&nbsp;<\/p>\n<p><span data-contrast=\"auto\">&#8211; Kako je usagla\u0161avanje pripreme sa va\u017ee\u0107im uredbama utjecalo na du\u017einu i strukturu dokumenata.<\/span><span data-ccp-props=\"{}\">\u00a0<\/span><\/p>\n<p><span data-contrast=\"auto\">&#8211; Kako je pokrenut proces strate\u0161ke procjene za sva \u010detiri nivoa vlasti, te da se kona\u010dna strate\u0161ka studija o\u010dekuje narednog mjeseca.<\/span><span data-ccp-props=\"{}\">\u00a0<\/span><\/p>\n<p><span data-contrast=\"auto\">&#8211; Finansijska procjena mjera je u zavr\u0161noj fazi, a trenutna procjena iznosi 21,6 milijardi KM. <\/span><span data-ccp-props=\"{}\">\u00a0<\/span><\/p>\n<p><span data-contrast=\"auto\">&#8211; Razgovarano je i o procesu dono\u0161enja Strategije &#8211; svi prisutni su se slo\u017eili da nisu uo\u010dene nikakve prepreke i da \u0107e podr\u017eati proces; vjeruju da \u0107e dono\u0161enje biti uspje\u0161no. <\/span><span data-ccp-props=\"{}\">\u00a0<\/span><\/p>\n<blockquote><p>&#8220;<span lang=\"EN-US\">S nestrpljenjem <\/span>o\u010dekujemo dostavljanje Strategije i akcionog plana okoli\u0161a za Bosnu i Hercegovinu, jer smatramo da je ovaj dokument va\u017ean kako bi se omogu\u0107io strate\u0161ki planski i cjelodr\u017eavni napredak u oblasti okoli\u0161a. S \u017ealjenjem konstatujemo da realizacija Strategije uskla\u0111ivanja propisa pravnoj ste\u010devini u oblasti okoli\u0161a BiH, koja je usvojena u maju 2017. godine, jo\u0161 uvijek nije usagla\u0161ena i koordinirana, te da nije dovela do ujedna\u010denog napretka na nivou cijele dr\u017eave. Na\u0161 je stav da ove dvije strategije trebaju biti \u010dvrsta osnova za strate\u0161ku prioritizaciju mjera koje vode konkretnom napretku dr\u017eave u ovom va\u017enom sektoru za dobrobit gra\u0111ana BiH i dru\u0161tva u cjelini.&#8221; -g. Gilles Rabattet, \u0161ef odjela za ekonomski razvoj, infrastrukturu i prirodne resurse u Delegaciji EU u BiH.<\/p><\/blockquote>\n<h2><span class=\"TextRun SCXW244383582 BCX9\" lang=\"BS-LATN-BA\" xml:lang=\"BS-LATN-BA\" data-contrast=\"auto\"><span class=\"NormalTextRun SCXW244383582 BCX9\">Zavr\u0161ne aktivnosti na izradi Strategije<\/span><\/span><\/h2>\n<p><span data-contrast=\"auto\">Nakon ovog perioda intenzivnog rada i diskusija, sada smo u fazi zavr\u0161nih aktivnosti na izradi dokumenta Strategije. Vi\u0161e \u010dlanova projekta, kako doma\u0107ih tako i me\u0111unarodnih, rade na ure\u0111ivanju dokumenata. U aprilu je odr\u017ean i 6. ciklus sastanaka radnih grupa, a nakon toga slijede dodatni sastanci Upravlja\u010dkih grupa.\u00a0<\/span><\/p>\n<p><span data-contrast=\"auto\">Do sredine maja \u0107emo predati dokument nosiocima izrade Strategije. Korak po korak i po\u010det \u0107e proces dono\u0161enja, koji uklju\u010duje i ciklus javnih konsultacija o Strategiji i strate\u0161koj procjeni. <\/span><span data-ccp-props=\"{}\">\u00a0<\/span><\/p>\n<blockquote><p>&#8220;Zahvaljujemo \u0160vedskoj ambasadi i Sidi za uspje\u0161no sprovo\u0111enje projekta do sada. Vjerujemo da \u0107e dono\u0161enje Strategije pokazati opredijeljenost svih nivoa vlasti na putu za \u010dlanstvo u EU i integraciju u EU, \u0161to \u0107e otvoriti mogu\u0107nost kori\u0161tenja IPA sredstava. Prisjetimo se da je pristupanjem Pari\u0161kom sporazumu i Sofijskoj deklaraciji, BiH preuzela obavezu da do 2050. postigne klimatsku neutralnost.&#8221; &#8211; g. Borislav Boji\u0107, predstavnik Ministarstvo vanjske trgovine i ekonomskih odnosa (MVTO BiH), se obratio \u010dlanovima u ime ministra, g. Sta\u0161e Ko\u0161arca.<\/p><\/blockquote>\n<h3><span class=\"TextRun SCXW182184385 BCX9\" lang=\"BS-LATN-BA\" xml:lang=\"BS-LATN-BA\" data-contrast=\"auto\"><span class=\"NormalTextRun SCXW182184385 BCX9\">\u010cinjenice o projektu:<\/span><\/span><\/h3>\n<p><span data-contrast=\"auto\">Strategija se priprema u participativnom procesu uz u\u010de\u0161\u0107e predstavnika relevantnih institucija, privatnog i javnog sektora, NVO i \u010dlanova akademske zajednice. Mnogi pojedinci su anga\u017eirani i u\u010destvuju na sastancima i webinarima. Pogledaj dijagrame u daljnjem tekstu za vi\u0161e informacija o broju organizacija i pojedinaca koji su uklju\u010deni u aktivnosti i vrstama aktivnosti koje smo organizirali. <\/span><span data-ccp-props=\"{}\">\u00a0<\/span><\/p>\n<p><span data-contrast=\"auto\">Pored toga, u sam dokument Strategije su integrirane perspektive ravnopravnosti spolova, dru\u0161tvene jednakosti i siroma\u0161tva (GESEP). Paralelno s izradom ovih strate\u0161kih dokumenata se provodi i strate\u0161ka procjena utjecaja. Strate\u0161ka studija \u0107e po zavr\u0161etku biti stavljena na uvid<\/span><span data-contrast=\"auto\"> \u0161iroj javnosti.<\/span><span data-ccp-props=\"{}\">\u00a0<\/span><\/p>\n<p><img decoding=\"async\" class=\"wp-image-5999 alignnone\" src=\"https:\/\/esap.ba\/wp-content\/uploads\/2022\/05\/ESAP_Infografika_BH-01.jpg\" alt=\"\" width=\"320\" height=\"320\" srcset=\"https:\/\/esap.ba\/wp-content\/uploads\/2022\/05\/ESAP_Infografika_BH-01.jpg 1000w, https:\/\/esap.ba\/wp-content\/uploads\/2022\/05\/ESAP_Infografika_BH-01-300x300.jpg 300w, https:\/\/esap.ba\/wp-content\/uploads\/2022\/05\/ESAP_Infografika_BH-01-150x150.jpg 150w, https:\/\/esap.ba\/wp-content\/uploads\/2022\/05\/ESAP_Infografika_BH-01-768x768.jpg 768w, https:\/\/esap.ba\/wp-content\/uploads\/2022\/05\/ESAP_Infografika_BH-01-400x400.jpg 400w, https:\/\/esap.ba\/wp-content\/uploads\/2022\/05\/ESAP_Infografika_BH-01-800x800.jpg 800w\" sizes=\"(max-width: 320px) 100vw, 320px\" \/> <img loading=\"lazy\" decoding=\"async\" class=\" wp-image-5996 alignnone\" src=\"https:\/\/esap.ba\/wp-content\/uploads\/2022\/05\/ESAP_Infografika_BH-02.jpg\" alt=\"\" width=\"320\" height=\"320\" srcset=\"https:\/\/esap.ba\/wp-content\/uploads\/2022\/05\/ESAP_Infografika_BH-02.jpg 1000w, https:\/\/esap.ba\/wp-content\/uploads\/2022\/05\/ESAP_Infografika_BH-02-300x300.jpg 300w, https:\/\/esap.ba\/wp-content\/uploads\/2022\/05\/ESAP_Infografika_BH-02-150x150.jpg 150w, https:\/\/esap.ba\/wp-content\/uploads\/2022\/05\/ESAP_Infografika_BH-02-768x768.jpg 768w, https:\/\/esap.ba\/wp-content\/uploads\/2022\/05\/ESAP_Infografika_BH-02-400x400.jpg 400w, https:\/\/esap.ba\/wp-content\/uploads\/2022\/05\/ESAP_Infografika_BH-02-800x800.jpg 800w\" sizes=\"(max-width: 320px) 100vw, 320px\" \/> <img loading=\"lazy\" decoding=\"async\" class=\"alignnone wp-image-5993\" src=\"https:\/\/esap.ba\/wp-content\/uploads\/2022\/05\/ESAP_Infografika_BH-03.jpg\" alt=\"\" width=\"321\" height=\"321\" srcset=\"https:\/\/esap.ba\/wp-content\/uploads\/2022\/05\/ESAP_Infografika_BH-03.jpg 1000w, https:\/\/esap.ba\/wp-content\/uploads\/2022\/05\/ESAP_Infografika_BH-03-300x300.jpg 300w, https:\/\/esap.ba\/wp-content\/uploads\/2022\/05\/ESAP_Infografika_BH-03-150x150.jpg 150w, https:\/\/esap.ba\/wp-content\/uploads\/2022\/05\/ESAP_Infografika_BH-03-768x768.jpg 768w, https:\/\/esap.ba\/wp-content\/uploads\/2022\/05\/ESAP_Infografika_BH-03-400x400.jpg 400w, https:\/\/esap.ba\/wp-content\/uploads\/2022\/05\/ESAP_Infografika_BH-03-800x800.jpg 800w\" sizes=\"(max-width: 321px) 100vw, 321px\" \/><\/p>\n","protected":false},"excerpt":{"rendered":"<p>U proteklih nekoliko mjeseci su na projektu BiH ESAP 2030+ zabilje\u017eene intenzivne aktivnosti budu\u0107i da se pribli\u017eavamo zavr\u0161etku izrade Strategije za\u0161tite okoli\u0161a\/\u017eivotne sredine za Bosnu i Hercegovinu. \u00a0 Prvi nacrt dokumenata je spreman i dostavljen relevantnim akterima, a u toku je i strate\u0161ka procjena utjecaja na okoli\u0161 (SPUO) za sva \u010detiri nivoa vlasti. \u00a0 &#8220;Sama [&hellip;]<\/p>\n","protected":false},"author":27,"featured_media":5983,"comment_status":"closed","ping_status":"open","sticky":false,"template":"","format":"standard","meta":{"_acf_changed":false,"footnotes":""},"categories":[63,133],"tags":[],"class_list":["post-5970","post","type-post","status-publish","format-standard","has-post-thumbnail","hentry","category-novosti","category-video-i-webinari"],"acf":[],"_links":{"self":[{"href":"https:\/\/esap.ba\/bs\/wp-json\/wp\/v2\/posts\/5970","targetHints":{"allow":["GET"]}}],"collection":[{"href":"https:\/\/esap.ba\/bs\/wp-json\/wp\/v2\/posts"}],"about":[{"href":"https:\/\/esap.ba\/bs\/wp-json\/wp\/v2\/types\/post"}],"author":[{"embeddable":true,"href":"https:\/\/esap.ba\/bs\/wp-json\/wp\/v2\/users\/27"}],"replies":[{"embeddable":true,"href":"https:\/\/esap.ba\/bs\/wp-json\/wp\/v2\/comments?post=5970"}],"version-history":[{"count":0,"href":"https:\/\/esap.ba\/bs\/wp-json\/wp\/v2\/posts\/5970\/revisions"}],"wp:featuredmedia":[{"embeddable":true,"href":"https:\/\/esap.ba\/bs\/wp-json\/wp\/v2\/media\/5983"}],"wp:attachment":[{"href":"https:\/\/esap.ba\/bs\/wp-json\/wp\/v2\/media?parent=5970"}],"wp:term":[{"taxonomy":"category","embeddable":true,"href":"https:\/\/esap.ba\/bs\/wp-json\/wp\/v2\/categories?post=5970"},{"taxonomy":"post_tag","embeddable":true,"href":"https:\/\/esap.ba\/bs\/wp-json\/wp\/v2\/tags?post=5970"}],"curies":[{"name":"wp","href":"https:\/\/api.w.org\/{rel}","templated":true}]}}